{"id":569,"date":"2015-12-10T21:26:00","date_gmt":"2015-12-10T21:26:00","guid":{"rendered":"http:\/\/www.mittagsblog.de\/?p=569"},"modified":"2016-01-04T21:26:23","modified_gmt":"2016-01-04T21:26:23","slug":"emilia-krabbelt","status":"publish","type":"post","link":"https:\/\/www.mittagsblog.de\/?p=569","title":{"rendered":"8 Monate, 3 Tage: Emilia wird mobil"},"content":{"rendered":"<p>Seit Wochen hat es sich angek\u00fcndigt. Emilia ist immer wieder in den Vierf\u00fc\u00dflerstand. Sie ist wie eine Wilde nach hinten und vorne gewippt.<\/p>\n<p>Und dann waren wir Anfang Dezember auf Teneriffa. David sitzt auf der Couch in unserer Ferienwohnung &#8230; in den H\u00e4nden eine Tortilla aus der K\u00fchlung. (Ich liebe Tortilla seit ich in Spanien gelebt habe und bei jedem Spanienurlaub ist Tortilla Pflicht.)<!--more--><\/p>\n<p>Seine kleine Schwester sieht neugierig zu ihm hoch und pl\u00f6tzlich geht sie auf ihre Knie und krabbelt los &#8230; Ich kann es kaum glauben.<\/p>\n<ul>\n<li>Schnell Ale, schnell<\/li>\n<\/ul>\n<p>rufe ich den Papa. Das Kind kann seine lateinamerikanischen Wurzeln nicht verleugnen \ud83d\ude42 Und gutes Essen hat schon so manchen motiviert \ud83d\ude42<\/p>\n<p>Oh je, oh je, wenn sie erst einmal losgelassen!! Und zu Hause ist noch gar nichts kinderkrabbelsicher!\u00a0Also ihr Bruder ist\u00a0wesentlich sp\u00e4ter zum ersten Mal\u00a0gekrabbelt. Da war er sich 11 bis 12 Monate alt. Im Buch <a href=\"http:\/\/www.piper.de\/buecher\/babyjahre-isbn-978-3-492-25762-6\">Babyjahre<\/a> von <a href=\"https:\/\/de.wikipedia.org\/wiki\/Remo_H._Largo\">Remo H. Largo<\/a> steht, dass die meisten <strong>Babys zwischen 7 und 10 Monaten zum Robben anfangen<\/strong> und danach krabbeln respektive kriechen.<\/p>\n<ul>\n<li>Mensch da ist sie aber fr\u00fch dran &#8230;<\/li>\n<\/ul>\n<p>h\u00f6re ich also derzeit von oft\u00a0und &#8230; auch ganz h\u00e4ufig<\/p>\n<ul>\n<li>ja, die zweiten Kinder sind immer schneller, die schauen sich das alles von ihrem Geschwisterchen ab.<\/li>\n<\/ul>\n<p>Keine Ahnung, was ich von dieser Argumentation halten soll. Auf alle F\u00e4lle habe ich dem gro\u00dfen Bruder auch gezeigt wie man aufrecht geht und bin mit ihm in Kursen und Spielgruppen gesessen, damit er auch andere Kinder um sich hat &#8230; \ud83d\ude1b<\/p>\n<p>Von mir aus h\u00e4tte sich Emilia ruhig noch l\u00e4nger Zeit lassen k\u00f6nnen. Aber so viel ist sicher: unser K\u00fcchenboden muss\u00a0definitiv die n\u00e4chsten Monate sauberer sein, juhui \ud83d\ude42<\/p>\n<p>&nbsp;<\/p>\n","protected":false},"excerpt":{"rendered":"<p>Seit Wochen hat es sich angek\u00fcndigt. Emilia ist immer wieder in den Vierf\u00fc\u00dflerstand. Sie ist wie eine Wilde nach hinten und vorne gewippt. Und dann waren wir Anfang Dezember auf Teneriffa. David sitzt auf der Couch in unserer Ferienwohnung &#8230; in den H\u00e4nden eine Tortilla aus der K\u00fchlung. (Ich liebe Tortilla seit ich in Spanien &#8230; <span class=\"more\"><a class=\"more-link\" href=\"https:\/\/www.mittagsblog.de\/?p=569\">Weiterlesen &#8230;<\/a><\/span><\/p>\n","protected":false},"author":2,"featured_media":0,"comment_status":"open","ping_status":"open","sticky":false,"template":"","format":"standard","meta":{"footnotes":""},"categories":[6,40],"tags":[],"class_list":{"0":"entry","1":"post","2":"publish","3":"author-meisengeige","4":"has-more-link","5":"post-569","7":"format-standard","8":"category-abenteuer-des-alltags","9":"category-baby-und-kind"},"aioseo_notices":[],"_links":{"self":[{"href":"https:\/\/www.mittagsblog.de\/index.php?rest_route=\/wp\/v2\/posts\/569","targetHints":{"allow":["GET"]}}],"collection":[{"href":"https:\/\/www.mittagsblog.de\/index.php?rest_route=\/wp\/v2\/posts"}],"about":[{"href":"https:\/\/www.mittagsblog.de\/index.php?rest_route=\/wp\/v2\/types\/post"}],"author":[{"embeddable":true,"href":"https:\/\/www.mittagsblog.de\/index.php?rest_route=\/wp\/v2\/users\/2"}],"replies":[{"embeddable":true,"href":"https:\/\/www.mittagsblog.de\/index.php?rest_route=%2Fwp%2Fv2%2Fcomments&post=569"}],"version-history":[{"count":13,"href":"https:\/\/www.mittagsblog.de\/index.php?rest_route=\/wp\/v2\/posts\/569\/revisions"}],"predecessor-version":[{"id":609,"href":"https:\/\/www.mittagsblog.de\/index.php?rest_route=\/wp\/v2\/posts\/569\/revisions\/609"}],"wp:attachment":[{"href":"https:\/\/www.mittagsblog.de\/index.php?rest_route=%2Fwp%2Fv2%2Fmedia&parent=569"}],"wp:term":[{"taxonomy":"category","embeddable":true,"href":"https:\/\/www.mittagsblog.de\/index.php?rest_route=%2Fwp%2Fv2%2Fcategories&post=569"},{"taxonomy":"post_tag","embeddable":true,"href":"https:\/\/www.mittagsblog.de\/index.php?rest_route=%2Fwp%2Fv2%2Ftags&post=569"}],"curies":[{"name":"wp","href":"https:\/\/api.w.org\/{rel}","templated":true}]}}