{"id":624,"date":"2016-01-05T19:11:29","date_gmt":"2016-01-05T19:11:29","guid":{"rendered":"http:\/\/www.mittagsblog.de\/?p=624"},"modified":"2016-12-15T23:49:15","modified_gmt":"2016-12-15T23:49:15","slug":"karies-bei-kindern","status":"publish","type":"post","link":"https:\/\/www.mittagsblog.de\/?p=624","title":{"rendered":"Karies bei Kindern"},"content":{"rendered":"<p>Vor kurzem hat mich ein guter Freund mit seinen Kindern (3 1\/2 &amp; 5 Jahre alt) besucht und mir erz\u00e4hlt, dass bei seinem Sohn vor einem Jahr Karies festgestellt\u00a0wurde. Weil die Kleinen wohl \u00a0noch nicht so lange den Mund aufmachen und das nicht anders m\u00f6glich war, wurde\u00a0der arme Tropf unter Narkose operiert (!).<\/p>\n<h3>Horror:\u00a0Zahn-OP beim eigenen\u00a0Kleinkind<\/h3>\n<p>Von der Diagnose waren\u00a0mein Freund und seine Frau schockiert und die Operation war\u00a0ein grauenvolles Erlebnis f\u00fcr alle. Wer sieht sein Kind schon gerne in Vollnarkose und f\u00fcr den Kleinen war das auch kein Spa\u00df.<\/p>\n<p>Aber wie kam es dazu? Z\u00e4hne hatten sie regelm\u00e4\u00dfig geputzt und Cola oder sonstige S\u00fc\u00dfgetr\u00e4nke bekamen die Kinder auch nicht. Aber regelm\u00e4\u00dfig Apfelsaft. Vor allem zum Abendessen oder im Bett im Fl\u00e4schchen als Durstl\u00f6scher. Und die S\u00e4ure des Saftes hat die Z\u00e4hne des\u00a0Kleinen so angegriffen, dass er operiert werden musste.<\/p>\n<p>Mein Zahnarzt hat mir dann best\u00e4tigt, dass er auch schon oft Dreij\u00e4hrige mit kaputten Milchz\u00e4hnen auf dem Patientenstuhl hatte. \u00dcber\u00a0das Problem <strong>Karies bei Kleinkindern<\/strong> berichtet auch die S\u00fcddeutsche\u00a0<a href=\"http:\/\/www.sueddeutsche.de\/gesundheit\/karies-bei-kindern-da-ist-was-faul-1.1881946\">&#8222;Da ist was faul: Karies bei Kindern&#8220;<\/a>\u00a0und die Zeit \u00a0<a href=\"http:\/\/www.zeit.de\/wissen\/gesundheit\/2014-02\/karies-kleinkinder-milchzaehne\">&#8222;Zahn\u00e4rzte warnen vor Karies bei Kleinkindern&#8220;<\/a><\/p>\n<h3>Auch fr\u00fcher gab es bei Milchz\u00e4hnen Karies<\/h3>\n<p>Das Kariesproblem ist allerdings nicht ganz neu. Fr\u00fcher gab es das Problem auch (zumindest hat das eine Umfrage bei mir im Bekannten- und Freundeskreis best\u00e4tigt). Aber vor 30 Jahren vertrat man die Philosophie, dass die Milchz\u00e4hne ja sowieso ausfallen und deshalb gar nicht behandelt werden m\u00fcssen. Aber das ist mittlerweile widerlegt, da sich die Bakterien gleich auf die neuen Z\u00e4hne auswirken und das ist fatal. Ich kenne Leute, die deswegen einfach &#8222;schlechte Z\u00e4hne&#8220; bekommen haben.<\/p>\n<h3>Wie kann man jetzt vorbeugen?<\/h3>\n<ol>\n<li>Ganz klar: <strong>S\u00e4fte nur verd\u00fcnnt<\/strong> geben oder einfach gar nicht<\/li>\n<li>S\u00e4fte <strong>nicht in der &#8222;Nuckel-Flasche&#8220;<\/strong> geben an der sie ewig rumnuckeln<\/li>\n<li>Das Kind schon <strong>fr\u00fch an den Zahnarzt gew\u00f6hnen<\/strong> und so fr\u00fchstm\u00f6glich Kariesbakterien erkennen. Mein Arzt meinte zum Beispiel ich soll meine Kleinen einfach von Anfang an mitnehmen und zuschauen lassen bei der eigenen Vorsorgeuntersuchung oder Zahnreinigung oder sie einfach auf den Scho\u00df nehmen. (da sollte man nat\u00fcrlich selbst keine Angst haben w\u00fcrde ich jetzt mal sagen, sonst ist das eher kontraproduktiv)<\/li>\n<li><strong>Jeden Abend Z\u00e4hne putzen<\/strong> (d.h. zum einen die Kinder selbst putzen lassen und zum anderen die Z\u00e4hne nachputzen, damit auch alle Z\u00e4hne wirklich ordentlich geputzt sind)<\/li>\n<\/ol>\n<p>Das mit dem Z\u00e4hne putzen ist allerdings leichter gesagt als getan. Wir k\u00e4mpften zum Beispiel jeden Abend, dass unser 2 1\/2 j\u00e4hriger Sohn den Mund aufmachte zum Z\u00e4hne putzen und ich war echt schon verzweifelt, weil es einfach nicht klappen wollte und ich mitten im sch\u00f6nsten Trotzphasealter abends einfach keine Lust mehr auf eine weitere Auseinandersetzung hatte. Und dann hat es funktioniert \ud83d\ude42<\/p>\n<p><a href=\"http:\/\/www.mittagsblog.de\/wie-bringe-ich-mein-kleines-kind-dazu-sich-die-zaehne-zu-putzen\/\">So hat es bei uns mit dem Z\u00e4hne putzen geklappt<\/a><\/p>\n<p>&nbsp;<\/p>\n<p>&nbsp;<\/p>\n","protected":false},"excerpt":{"rendered":"<p>Vor kurzem hat mich ein guter Freund mit seinen Kindern (3 1\/2 &amp; 5 Jahre alt) besucht und mir erz\u00e4hlt, dass bei seinem Sohn vor einem Jahr Karies festgestellt\u00a0wurde. Weil die Kleinen wohl \u00a0noch nicht so lange den Mund aufmachen und das nicht anders m\u00f6glich war, wurde\u00a0der arme Tropf unter Narkose operiert (!). Horror:\u00a0Zahn-OP beim &#8230; <span class=\"more\"><a class=\"more-link\" href=\"https:\/\/www.mittagsblog.de\/?p=624\">Weiterlesen &#8230;<\/a><\/span><\/p>\n","protected":false},"author":1,"featured_media":0,"comment_status":"open","ping_status":"open","sticky":false,"template":"","format":"standard","meta":{"footnotes":""},"categories":[40],"tags":[35],"class_list":{"0":"entry","1":"post","2":"publish","3":"author-admin","4":"post-624","6":"format-standard","7":"category-baby-und-kind","8":"post_tag-kindergeschichten"},"aioseo_notices":[],"_links":{"self":[{"href":"https:\/\/www.mittagsblog.de\/index.php?rest_route=\/wp\/v2\/posts\/624","targetHints":{"allow":["GET"]}}],"collection":[{"href":"https:\/\/www.mittagsblog.de\/index.php?rest_route=\/wp\/v2\/posts"}],"about":[{"href":"https:\/\/www.mittagsblog.de\/index.php?rest_route=\/wp\/v2\/types\/post"}],"author":[{"embeddable":true,"href":"https:\/\/www.mittagsblog.de\/index.php?rest_route=\/wp\/v2\/users\/1"}],"replies":[{"embeddable":true,"href":"https:\/\/www.mittagsblog.de\/index.php?rest_route=%2Fwp%2Fv2%2Fcomments&post=624"}],"version-history":[{"count":14,"href":"https:\/\/www.mittagsblog.de\/index.php?rest_route=\/wp\/v2\/posts\/624\/revisions"}],"predecessor-version":[{"id":662,"href":"https:\/\/www.mittagsblog.de\/index.php?rest_route=\/wp\/v2\/posts\/624\/revisions\/662"}],"wp:attachment":[{"href":"https:\/\/www.mittagsblog.de\/index.php?rest_route=%2Fwp%2Fv2%2Fmedia&parent=624"}],"wp:term":[{"taxonomy":"category","embeddable":true,"href":"https:\/\/www.mittagsblog.de\/index.php?rest_route=%2Fwp%2Fv2%2Fcategories&post=624"},{"taxonomy":"post_tag","embeddable":true,"href":"https:\/\/www.mittagsblog.de\/index.php?rest_route=%2Fwp%2Fv2%2Ftags&post=624"}],"curies":[{"name":"wp","href":"https:\/\/api.w.org\/{rel}","templated":true}]}}