{"id":808,"date":"2017-01-04T22:41:27","date_gmt":"2017-01-04T22:41:27","guid":{"rendered":"http:\/\/www.mittagsblog.de\/?p=808"},"modified":"2018-05-28T17:38:13","modified_gmt":"2018-05-28T17:38:13","slug":"bauchladen-plaene","status":"publish","type":"post","link":"https:\/\/www.mittagsblog.de\/?p=808","title":{"rendered":"Was sind meine Pl\u00e4ne f\u00fcr das Jahr 2017?"},"content":{"rendered":"<p>Diese Frage hat mich im Dezember intensiv besch\u00e4ftigt. Vor allem in Hinblick auf\u00a0mein eigenes kleines Gesch\u00e4ft, welches ich 2016 zusammen mit meiner \u00e4ltesten Freundin gegr\u00fcndet habe.\u00a0Wir verkaufen keine Onlinekurse, Onlinekongress-Pakete oder sonstige Onlineprodukte, aber wir verkaufen momentan\u00a0ausschlie\u00dflich \u00fcber unsere Website <a href=\"http:\/\/www.mamas-bauchladen.de\">Mamas Bauchladen<\/a>. Was verkaufen wir?<!--more--><\/p>\n<p>Wir n\u00e4hen individuelle <strong>Taschen zum Anklippen an Babyt\u00fccher und Babytragesysteme<\/strong> (wie zum Beispiel die Manduca\u00ae).<\/p>\n<p><a href=\"http:\/\/www.mittagsblog.de\/wp-content\/uploads\/2017\/01\/MB_Logo-op.jpg\" rel=\"attachment wp-att-816\"><img decoding=\"async\" class=\"size-medium wp-image-816 alignleft\" src=\"http:\/\/www.mittagsblog.de\/wp-content\/uploads\/2017\/01\/MB_Logo-op-300x95.jpg\" alt=\"mb_logo-op\" width=\"300\" height=\"95\" srcset=\"https:\/\/www.mittagsblog.de\/wp-content\/uploads\/2017\/01\/MB_Logo-op-300x95.jpg 300w, https:\/\/www.mittagsblog.de\/wp-content\/uploads\/2017\/01\/MB_Logo-op-768x244.jpg 768w, https:\/\/www.mittagsblog.de\/wp-content\/uploads\/2017\/01\/MB_Logo-op-1024x326.jpg 1024w, https:\/\/www.mittagsblog.de\/wp-content\/uploads\/2017\/01\/MB_Logo-op.jpg 1732w\" sizes=\"(max-width: 300px) 100vw, 300px\" \/><\/a>Die Idee entstand auf einer gemeinsamen Wanderug mit meiner kleinen Tochter in der Manduca\u00ae. Ich meckerte, dass ich einfach nicht alleine mit Tochter wandern oder spazieren gehen kann, weil es keine Tasche gibt, in der ich Windeln, Feuchtt\u00fccher, Handy, Fl\u00e4schchen, Wechselbody etc. bequem mitnehmen kann &#8230; zus\u00e4tzlich zum Kind. Es gibt zwar welche, aber die sind viel zu klein. Meine Freundin entwickelte das Schnittmuster und n\u00e4hte. Ich testete die Prototypen hinsichtlich Gr\u00f6\u00dfe, Strapazierf\u00e4higkeit und Handhabung in der Praxis und so wurd<img fetchpriority=\"high\" decoding=\"async\" class=\"size-medium wp-image-817 alignright\" src=\"http:\/\/www.mittagsblog.de\/wp-content\/uploads\/2017\/01\/IMG_1486-300x225.jpg\" alt=\"img_1486\" width=\"300\" height=\"225\" srcset=\"https:\/\/www.mittagsblog.de\/wp-content\/uploads\/2017\/01\/IMG_1486-300x225.jpg 300w, https:\/\/www.mittagsblog.de\/wp-content\/uploads\/2017\/01\/IMG_1486-768x576.jpg 768w, https:\/\/www.mittagsblog.de\/wp-content\/uploads\/2017\/01\/IMG_1486-1024x768.jpg 1024w, https:\/\/www.mittagsblog.de\/wp-content\/uploads\/2017\/01\/IMG_1486.jpg 1600w\" sizes=\"(max-width: 300px) 100vw, 300px\" \/>en unsere Baby-Taschen immer weiter verfeinert bis jetzt die fertigen Taschen auf dem Markt zu kaufen sind. Cool!! Das ist f\u00fcr 2016 ein ganz sch\u00f6ner Erfolg finde ich. Allein den geeigneten Stoff zu finden nahm ziemlich viel Zeit in Anspruch.<\/p>\n<p><strong>Absolut super f\u00fcr alle Tragemamas und Tragepapas und ideal beim Einkaufen und Reisen.<br \/>\n<\/strong><\/p>\n<p>Momentan sitze ich noch an der Erstellung des dawanda-Shops, aber innerhalb weniger Minuten ist das nicht gemacht &#8211; wie dawanda verspricht (vielleicht erstell<br \/>\ne ich ja dazu einen Onlinekurs :).<\/p>\n<p><strong>Ein weiteres Ziel f\u00fcr 2017 in Sachen Onlinegesch\u00e4ft<\/strong>: Ich schreibe seit geraumer Zeit den\u00a0<strong>Mittagsblog<\/strong>\u00a0mit Geschichten aus meinem Alltag (mit und ohne Kind). Diesen m\u00f6chte ich umstrukturieren und ausbauen mit fachlichen Themen (die genaue Positionierung kommt noch) und Onlineprodukten (z.B. einem ebook &#8222;Stressfrei mit Baby und Kleinkind wandern und spazierengehen&#8220; = Arbeitstitel). Au\u00dferdem m\u00f6chte\u00a0ich gerne einen kleinen Kongress veranstalten (evtl. auch eine Podc<img decoding=\"async\" class=\"size-medium wp-image-815 alignleft\" src=\"http:\/\/www.mittagsblog.de\/wp-content\/uploads\/2017\/01\/IMG_1174-300x225.jpg\" alt=\"Mamas Bauchladen Hirsch\" width=\"300\" height=\"225\" srcset=\"https:\/\/www.mittagsblog.de\/wp-content\/uploads\/2017\/01\/IMG_1174-300x225.jpg 300w, https:\/\/www.mittagsblog.de\/wp-content\/uploads\/2017\/01\/IMG_1174-768x576.jpg 768w, https:\/\/www.mittagsblog.de\/wp-content\/uploads\/2017\/01\/IMG_1174-1024x768.jpg 1024w\" sizes=\"(max-width: 300px) 100vw, 300px\" \/>astreihe). Thema und Zeitplan stehen noch nicht 100% fest. Ich habe im letzten Jahr ziemlich viele Onlinekongresse gesehen und denke das Kongresspaket\u00a0<a href=\"http:\/\/dein-erster-onlinekongress.de\/online-kongress-coaching\/\">&#8222;Mein erster Onlinekongress&#8220; von Swantje Gebauer und Anneli Eick<\/a>\u00a0ist sicher eine super Ausgangsbasis, um mich mit Infos f\u00fcr den Anfang zu versorgen. Und ich habe schon eine gute Basis was mir gefallen hat an anderen Kongressen und was nicht.<\/p>\n","protected":false},"excerpt":{"rendered":"<p>Diese Frage hat mich im Dezember intensiv besch\u00e4ftigt. Vor allem in Hinblick auf\u00a0mein eigenes kleines Gesch\u00e4ft, welches ich 2016 zusammen mit meiner \u00e4ltesten Freundin gegr\u00fcndet habe.\u00a0Wir verkaufen keine Onlinekurse, Onlinekongress-Pakete oder sonstige Onlineprodukte, aber wir verkaufen momentan\u00a0ausschlie\u00dflich \u00fcber unsere Website Mamas Bauchladen. Was verkaufen wir?<\/p>\n","protected":false},"author":1,"featured_media":815,"comment_status":"closed","ping_status":"open","sticky":false,"template":"","format":"standard","meta":{"footnotes":""},"categories":[52],"tags":[],"class_list":{"0":"entry","1":"post","2":"publish","3":"author-admin","4":"has-more-link","5":"post-808","7":"format-standard","8":"has-post-thumbnail","9":"category-challenges-und-paraden"},"aioseo_notices":[],"_links":{"self":[{"href":"https:\/\/www.mittagsblog.de\/index.php?rest_route=\/wp\/v2\/posts\/808","targetHints":{"allow":["GET"]}}],"collection":[{"href":"https:\/\/www.mittagsblog.de\/index.php?rest_route=\/wp\/v2\/posts"}],"about":[{"href":"https:\/\/www.mittagsblog.de\/index.php?rest_route=\/wp\/v2\/types\/post"}],"author":[{"embeddable":true,"href":"https:\/\/www.mittagsblog.de\/index.php?rest_route=\/wp\/v2\/users\/1"}],"replies":[{"embeddable":true,"href":"https:\/\/www.mittagsblog.de\/index.php?rest_route=%2Fwp%2Fv2%2Fcomments&post=808"}],"version-history":[{"count":10,"href":"https:\/\/www.mittagsblog.de\/index.php?rest_route=\/wp\/v2\/posts\/808\/revisions"}],"predecessor-version":[{"id":821,"href":"https:\/\/www.mittagsblog.de\/index.php?rest_route=\/wp\/v2\/posts\/808\/revisions\/821"}],"wp:featuredmedia":[{"embeddable":true,"href":"https:\/\/www.mittagsblog.de\/index.php?rest_route=\/wp\/v2\/media\/815"}],"wp:attachment":[{"href":"https:\/\/www.mittagsblog.de\/index.php?rest_route=%2Fwp%2Fv2%2Fmedia&parent=808"}],"wp:term":[{"taxonomy":"category","embeddable":true,"href":"https:\/\/www.mittagsblog.de\/index.php?rest_route=%2Fwp%2Fv2%2Fcategories&post=808"},{"taxonomy":"post_tag","embeddable":true,"href":"https:\/\/www.mittagsblog.de\/index.php?rest_route=%2Fwp%2Fv2%2Ftags&post=808"}],"curies":[{"name":"wp","href":"https:\/\/api.w.org\/{rel}","templated":true}]}}