{"id":833,"date":"2017-03-23T13:50:10","date_gmt":"2017-03-23T13:50:10","guid":{"rendered":"http:\/\/www.mittagsblog.de\/?p=833"},"modified":"2018-05-28T17:37:55","modified_gmt":"2018-05-28T17:37:55","slug":"mein-geheimrezept-gegen-erkaeltungen","status":"publish","type":"post","link":"https:\/\/www.mittagsblog.de\/?p=833","title":{"rendered":"Mein Geheimrezept gegen Erk\u00e4ltungen"},"content":{"rendered":"<p>Es war jetzt schon l\u00e4nger sehr ruhig in meinem Blog. Das liegt zum einen daran,<\/p>\n<ul>\n<li>dass ich an meinem geplanten Online-Projekt (genauer gesagt einem Online-Kongress) mit Hochdruck arbeite (neue Website einrichten, Titel finden, Konzept erstellen, Theme aussuchen, Plugins testen usw.). N\u00e4heres dazu kann ich hoffentlich so in einem Monat verk\u00fcnden \ud83d\ude42<\/li>\n<li>und zum anderen ist rund um <a href=\"http:\/\/www.mamas-bauchladen.de\">Mamas Bauchladen<\/a> ziemlich viel passiert. Wir waren mit unseren Taschen live im ersten Popup Store Miesbachs. Obwohl wir wenig verkauft haben bekr\u00e4ftigt es mich noch einmal weiterzumachen und jetzt vor allem m\u00f6glichst vielen Leuten unsere Taschen vorzustellen.<\/li>\n<\/ul>\n<p>Aber eine Sache muss ich jetzt da der Fr\u00fchling vor der T\u00fcr steht noch loswerden: Mein absolutes <strong>Geheimrezept gegen Erk\u00e4ltungen und Grippewellen: Propolis!<\/strong> Ich habe da einen Imker vor Ort und der verkauft die Flasche f\u00fcr 5 Euro und mich hat es jetzt seit Anfang 2014 gegen alle fiesen Kindergarten-Infekte durch den Winter gebracht. Ich bin echt begeistert! Beim Kratzen im Hals 15 Tropfen oder wenn die Kinder eben schniefen und husten \ud83d\ude42 Super! Jetzt kann der Fr\u00fchling kommen!<\/p>\n","protected":false},"excerpt":{"rendered":"<p>Es war jetzt schon l\u00e4nger sehr ruhig in meinem Blog. Das liegt zum einen daran, dass ich an meinem geplanten Online-Projekt (genauer gesagt einem Online-Kongress) mit Hochdruck arbeite (neue Website einrichten, Titel finden, Konzept erstellen, Theme aussuchen, Plugins testen usw.). N\u00e4heres dazu kann ich hoffentlich so in einem Monat verk\u00fcnden \ud83d\ude42 und zum anderen ist &#8230; <span class=\"more\"><a class=\"more-link\" href=\"https:\/\/www.mittagsblog.de\/?p=833\">Weiterlesen &#8230;<\/a><\/span><\/p>\n","protected":false},"author":1,"featured_media":0,"comment_status":"closed","ping_status":"open","sticky":false,"template":"","format":"standard","meta":{"footnotes":""},"categories":[6],"tags":[],"class_list":{"0":"entry","1":"post","2":"publish","3":"author-admin","4":"post-833","6":"format-standard","7":"category-abenteuer-des-alltags"},"aioseo_notices":[],"_links":{"self":[{"href":"https:\/\/www.mittagsblog.de\/index.php?rest_route=\/wp\/v2\/posts\/833","targetHints":{"allow":["GET"]}}],"collection":[{"href":"https:\/\/www.mittagsblog.de\/index.php?rest_route=\/wp\/v2\/posts"}],"about":[{"href":"https:\/\/www.mittagsblog.de\/index.php?rest_route=\/wp\/v2\/types\/post"}],"author":[{"embeddable":true,"href":"https:\/\/www.mittagsblog.de\/index.php?rest_route=\/wp\/v2\/users\/1"}],"replies":[{"embeddable":true,"href":"https:\/\/www.mittagsblog.de\/index.php?rest_route=%2Fwp%2Fv2%2Fcomments&post=833"}],"version-history":[{"count":4,"href":"https:\/\/www.mittagsblog.de\/index.php?rest_route=\/wp\/v2\/posts\/833\/revisions"}],"predecessor-version":[{"id":839,"href":"https:\/\/www.mittagsblog.de\/index.php?rest_route=\/wp\/v2\/posts\/833\/revisions\/839"}],"wp:attachment":[{"href":"https:\/\/www.mittagsblog.de\/index.php?rest_route=%2Fwp%2Fv2%2Fmedia&parent=833"}],"wp:term":[{"taxonomy":"category","embeddable":true,"href":"https:\/\/www.mittagsblog.de\/index.php?rest_route=%2Fwp%2Fv2%2Fcategories&post=833"},{"taxonomy":"post_tag","embeddable":true,"href":"https:\/\/www.mittagsblog.de\/index.php?rest_route=%2Fwp%2Fv2%2Ftags&post=833"}],"curies":[{"name":"wp","href":"https:\/\/api.w.org\/{rel}","templated":true}]}}