{"id":90,"date":"2011-01-06T08:04:01","date_gmt":"2011-01-06T08:04:01","guid":{"rendered":"http:\/\/www.mittagsblog.de\/?p=90"},"modified":"2011-02-27T18:34:04","modified_gmt":"2011-02-27T18:34:04","slug":"von-energieblockaden-und-wunden-nasen-teil-1","status":"publish","type":"post","link":"https:\/\/www.mittagsblog.de\/?p=90","title":{"rendered":"Von Energieblockaden und wunden Nasen: Teil 1"},"content":{"rendered":"<div><span style=\"font-size: x-small;\"><strong>Endlich wieder Vors\u00e4tze<\/strong><\/span><\/div>\n<div><span style=\"font-size: x-small;\">Nachdem ich eigentlich ein Verfechter der &#8222;Vors\u00e4tze zum Neuen Jahr bringen meistens sowieso nichts&#8220;-Theorie bin, habe ich mir dieses Sylvester trotzdem wild entschlossen ein paar Ziele f\u00fcr 2011 gesteckt. Eines davon: ich schreibe pro Woche einen Blogartikel. Wenn ich davon ausgehe, dass ich pro Artikel 1 Stunde brauche, w\u00e4ren das 52 Stunden im Jahr. Das m\u00fcsste doch zu schaffen sein \ud83d\ude09<!--more--><\/span><span style=\"font-size: x-small;\">Also leichter jedenfalls wie ein &#8222;Ich rauche nicht mehr&#8220; oder ein &#8222;Ich ern\u00e4hre mich gesund und nehme x Kilo ab&#8220; Vorsatz. Motiviert hat mich unter anderem auch ein kleines pinkes Tagebuch, dass ich vor kurzem zum Geburtstag geschenkt bekommen habe und welches bis jetzt keine geb\u00fchrende Beachtung bekommen hat. Dieses werde ich parallel best\u00fccken, allerdings mit intimeren Details \ud83d\ude09 Hier also jetzt mein erster Bericht:<\/span><\/div>\n<p><strong>Von Energieblockaden und wunden Nasen: Teil 1<\/strong><\/p>\n<p>Der erste Beitrag des Jahres ist meiner wehleidigen, sensiblen Ader gewidmet. Als aktive Mountainbike-Rennfahrerin bin ich ja St\u00fcrze &#8211; und auch merkw\u00fcrdige Krankheiten &#8211; gew\u00f6hnt. Dabei reicht die Palette der Verletzungen von riesigen blauschwarzen Flecken bis hin zum gutartigen Lagerungsschwindel und leichten Knorpelsch\u00e4den.<\/p>\n<p>Seit zwei Tagen kann ich jetzt meine Brille nicht mehr tragen. Und der Grund hat nichts mit einem Sportger\u00e4t zu tun. Das Jahr 2011 hat bei mir etwas verschnupft begonnen und ich war st\u00e4ndig m\u00fcde. Gleichzeitig habe ich die Wohnung wieder etwas auf Vordermann gebracht und als ich dann mein B\u00fccherregal aufger\u00e4umt habe, f\u00e4llt mir mein Buch \u00fcber Akupressur in die H\u00e4nde. Das Prinzip ist das Gleiche wie bei Akupunktur nur nicht mit Nadeln, sondern man dr\u00fcckt an gewissen K\u00f6rperstellen und Energieblockaden l\u00f6sen sich, Schmerzen werden besser &#8230; und zack dachte ich ich akupressiere meinen Schnupfen und meine M\u00fcdigkeit weg und l\u00f6se mal meine Energieblockade. Der Druckpunkt f\u00fcr meine Beschwerden lag augenscheinlich links und rechts am Nasenr\u00fccken. Also habe ich gedr\u00fcckt &#8230; und nach einer Zeit noch einmal gedr\u00fcckt &#8230; und wieder gedr\u00fcckt.\u00a0 (Buchanleitungen sind einfach nebul\u00f6s und in der Praxis immer schwer umzusetzen.) Denn wer wei\u00df schon was mittelstark bedeutet?<\/p>\n<p><strong>Das Ende vom Lied<\/strong><\/p>\n<ul>\n<li>Meine Nase war wundgedr\u00fcckt und ich kann meine Brille nicht mehr aufsetzen.<\/li>\n<li>Meinen Schnupfen habe ich immer noch (Energieblockade hin oder her so ein Schnupfen dauert wohl einfach)<\/li>\n<li>Au\u00dferdem habe ich den falschen Punkt massiert.<\/li>\n<\/ul>\n<p>Beim n\u00e4chsten Schnupfen probiere ich es mit dem richtigen Punkt (und mit der richtigen St\u00e4rke \ud83d\ude09 &#8230; oder ich nehme gleich Medikamente.<\/p>\n","protected":false},"excerpt":{"rendered":"<p>Endlich wieder Vors\u00e4tze Nachdem ich eigentlich ein Verfechter der &#8222;Vors\u00e4tze zum Neuen Jahr bringen meistens sowieso nichts&#8220;-Theorie bin, habe ich mir dieses Sylvester trotzdem wild entschlossen ein paar Ziele f\u00fcr 2011 gesteckt. Eines davon: ich schreibe pro Woche einen Blogartikel. Wenn ich davon ausgehe, dass ich pro Artikel 1 Stunde brauche, w\u00e4ren das 52 Stunden &#8230; <span class=\"more\"><a class=\"more-link\" href=\"https:\/\/www.mittagsblog.de\/?p=90\">Weiterlesen &#8230;<\/a><\/span><\/p>\n","protected":false},"author":2,"featured_media":0,"comment_status":"open","ping_status":"open","sticky":false,"template":"","format":"standard","meta":{"footnotes":""},"categories":[6],"tags":[],"class_list":{"0":"entry","1":"post","2":"publish","3":"author-meisengeige","4":"has-more-link","5":"post-90","7":"format-standard","8":"category-abenteuer-des-alltags"},"aioseo_notices":[],"_links":{"self":[{"href":"https:\/\/www.mittagsblog.de\/index.php?rest_route=\/wp\/v2\/posts\/90","targetHints":{"allow":["GET"]}}],"collection":[{"href":"https:\/\/www.mittagsblog.de\/index.php?rest_route=\/wp\/v2\/posts"}],"about":[{"href":"https:\/\/www.mittagsblog.de\/index.php?rest_route=\/wp\/v2\/types\/post"}],"author":[{"embeddable":true,"href":"https:\/\/www.mittagsblog.de\/index.php?rest_route=\/wp\/v2\/users\/2"}],"replies":[{"embeddable":true,"href":"https:\/\/www.mittagsblog.de\/index.php?rest_route=%2Fwp%2Fv2%2Fcomments&post=90"}],"version-history":[{"count":8,"href":"https:\/\/www.mittagsblog.de\/index.php?rest_route=\/wp\/v2\/posts\/90\/revisions"}],"predecessor-version":[{"id":151,"href":"https:\/\/www.mittagsblog.de\/index.php?rest_route=\/wp\/v2\/posts\/90\/revisions\/151"}],"wp:attachment":[{"href":"https:\/\/www.mittagsblog.de\/index.php?rest_route=%2Fwp%2Fv2%2Fmedia&parent=90"}],"wp:term":[{"taxonomy":"category","embeddable":true,"href":"https:\/\/www.mittagsblog.de\/index.php?rest_route=%2Fwp%2Fv2%2Fcategories&post=90"},{"taxonomy":"post_tag","embeddable":true,"href":"https:\/\/www.mittagsblog.de\/index.php?rest_route=%2Fwp%2Fv2%2Ftags&post=90"}],"curies":[{"name":"wp","href":"https:\/\/api.w.org\/{rel}","templated":true}]}}